{"id":15040,"date":"2025-10-29T10:20:28","date_gmt":"2025-10-29T08:20:28","guid":{"rendered":"https:\/\/charlieworks.eu\/alles-over-je-werkvergunning\/"},"modified":"2025-11-11T15:12:07","modified_gmt":"2025-11-11T13:12:07","slug":"alles-over-je-werkvergunning","status":"publish","type":"post","link":"https:\/\/charlieworks.eu\/hu\/alles-over-je-werkvergunning\/","title":{"rendered":"Minden a munkav\u00e1llal\u00e1si enged\u00e9lyedr\u0151l: EU-s \u00e9s nem EU-s helyzetek"},"content":{"rendered":"\n<p>Ha Hollandi\u00e1ba j\u00f6ssz dolgozni, term\u00e9szetesen tudni szeretn\u00e9d, hogy sz\u00fcks\u00e9ged van-e munkav\u00e1llal\u00e1si enged\u00e9lyre. Ez att\u00f3l f\u00fcgg, honnan \u00e9rkezel. Az EU-s \u00e1llampolg\u00e1rokra m\u00e1s szab\u00e1lyok vonatkoznak, mint a nem EU-s munkav\u00e1llal\u00f3kra. Ebben a blogbejegyz\u00e9sben elmagyar\u00e1zzuk, mi a helyzet, mik a k\u00fcl\u00f6nbs\u00e9gek, \u00e9s hogyan t\u00e1mogat a Charlie works a megfelel\u0151 pap\u00edrok int\u00e9z\u00e9s\u00e9ben.   <\/p>\n\n<h2 class=\"wp-block-heading\"><strong>Munkav\u00e1llal\u00e1s Hollandi\u00e1ban EU-s \u00e1llampolg\u00e1rk\u00e9nt<\/strong><\/h2>\n\n<p>Az Eur\u00f3pai Uni\u00f3 (EU), az Eur\u00f3pai Gazdas\u00e1gi T\u00e9rs\u00e9g (EGT) valamely orsz\u00e1g\u00e1b\u00f3l vagy Sv\u00e1jcb\u00f3l \u00e9rkezel? Akkor nincs sz\u00fcks\u00e9ged munkav\u00e1llal\u00e1si enged\u00e9lyre ahhoz, hogy Hollandi\u00e1ban dolgozhass. Szabadon \u00e9lhetsz \u00e9s dolgozhatsz itt, am\u00edg \u00e9rv\u00e9nyes \u00fatleveled vagy szem\u00e9lyi igazolv\u00e1nyod van.  <\/p>\n\n<p>Azonban van n\u00e9h\u00e1ny dolog, amit el kell int\u00e9zned:<\/p>\n\n<ul class=\"wp-block-list\">\n<li><strong>Bejelentkez\u00e9s az \u00f6nkorm\u00e1nyzatn\u00e1l (BRP):<\/strong> amint 4 h\u00f3napn\u00e1l tov\u00e1bb dolgozol vagy \u00e9lsz Hollandi\u00e1ban. L\u00e1sd: <a href=\"https:\/\/www.rijksoverheid.nl\/onderwerpen\/privacy-en-persoonsgegevens\/basisregistratie-personen-brp\" target=\"_blank\" rel=\"noopener\">Rijksoverheid<\/a>. <\/li>\n\n\n\n<li><strong>Burgerservicenummer (BSN):<\/strong> ezt a bejelentkez\u00e9sedkor kapod meg. Erre sz\u00fcks\u00e9ged van a fizet\u00e9sedhez \u00e9s p\u00e9ld\u00e1ul az eg\u00e9szs\u00e9gbiztos\u00edt\u00e1sodhoz. <\/li>\n\n\n\n<li><strong>Eg\u00e9szs\u00e9gbiztos\u00edt\u00e1s:<\/strong> k\u00f6telez\u0151 mindenkinek, aki Hollandi\u00e1ban dolgozik. Olvass <a href=\"https:\/\/www.rijksoverheid.nl\/onderwerpen\/zorgverzekering\" target=\"_blank\" rel=\"noopener\">itt<\/a> t\u00f6bbet. <\/li>\n<\/ul>\n\n<p><\/p>\n\n<p>A Charlie works-n\u00e9l seg\u00edt\u00fcnk neked ezekben a l\u00e9p\u00e9sekben, hogy azonnal a munk\u00e1dra koncentr\u00e1lhass.<\/p>\n\n<h2 class=\"wp-block-heading\"><strong>Munkav\u00e1llal\u00e1s Hollandi\u00e1ban nem EU-s \u00e1llampolg\u00e1rk\u00e9nt<\/strong><\/h2>\n\n<p>Ha az EU-n, EGT-n vagy Sv\u00e1jcon k\u00edv\u00fcli orsz\u00e1gb\u00f3l \u00e9rkezel, m\u00e1s szab\u00e1lyok vonatkoznak r\u00e1d. A legt\u00f6bb esetben munkav\u00e1llal\u00e1si enged\u00e9lyre (TWV) vagy kombin\u00e1lt tart\u00f3zkod\u00e1si \u00e9s munkav\u00e1llal\u00e1si enged\u00e9lyre (GVVA) van sz\u00fcks\u00e9ged. <\/p>\n\n<ul class=\"wp-block-list\">\n<li><strong>TWV (Munkav\u00e1llal\u00e1si enged\u00e9ly):<\/strong> egy k\u00fcl\u00f6n munkav\u00e1llal\u00e1si enged\u00e9ly, amelyet a munk\u00e1ltat\u00f3d ig\u00e9nyel az UWV-n\u00e9l. Ez \u00e1ltal\u00e1ban legfeljebb 1 \u00e9vig tart\u00f3 ideiglenes munk\u00e1ra vonatkozik.   <\/li>\n\n\n\n<li><strong>GVVA (Kombin\u00e1lt enged\u00e9ly):<\/strong> ez egyetlen k\u00e9relemben egyes\u00edti a tart\u00f3zkod\u00e1si enged\u00e9lyt \u00e9s a munkav\u00e1llal\u00e1si enged\u00e9lyt. Ez hosszabb hollandiai tart\u00f3zkod\u00e1sra \u00e9s munkav\u00e1llal\u00e1sra vonatkozik. .<\/li>\n<\/ul>\n\n<p><\/p>\n\n<p>Ezen enged\u00e9lyek ig\u00e9nyl\u00e9s\u00e9t a legt\u00f6bb esetben a munk\u00e1ltat\u00f3 v\u00e9gzi. A Charlie works-\u00f6n kereszt\u00fcl dolgozol? Akkor emiatt nem kell agg\u00f3dnod. Mi partnereinkkel egy\u00fctt int\u00e9zz\u00fck ezt a folyamatot, \u00e9s gondoskodunk arr\u00f3l, hogy minden rendben legyen, miel\u0151tt elkezded a munk\u00e1t.   <\/p>\n\n<h2 class=\"wp-block-heading\"><strong>Kiv\u00e9telek \u00e9s k\u00fcl\u00f6nleges helyzetek<\/strong><\/h2>\n\n<ul class=\"wp-block-list\">\n<li><strong>Szezon\u00e1lis munka:<\/strong> bizonyos szezon\u00e1lis munk\u00e1kra (p\u00e9ld\u00e1ul a kert\u00e9szetben) k\u00fcl\u00f6nleges szab\u00e1lyok vonatkoznak.<\/li>\n\n\n\n<li><strong>Tanul\u00e1s \u00e9s munka:<\/strong> a nemzetk\u00f6zi di\u00e1kok korl\u00e1tozottan dolgozhatnak Hollandi\u00e1ban, \u00e9s gyakran k\u00fcl\u00f6n enged\u00e9lyre van sz\u00fcks\u00e9g\u00fck. L\u00e1sd: <a href=\"https:\/\/ind.nl\/nl\/studie\" target=\"_blank\" rel=\"noopener\">IND \u2013 Di\u00e1kok \u00e9s munka<\/a>. <\/li>\n\n\n\n<li><strong>Magasan k\u00e9pzettek \u00e9s tud\u00e1smigr\u00e1nsok:<\/strong> ezekre a kateg\u00f3ri\u00e1kra ism\u00e9t m\u00e1s felt\u00e9telek vonatkoznak.<\/li>\n<\/ul>\n\n<p><\/p>\n\n<p>A Charlie works mindig veled egy\u00fctt vizsg\u00e1lja meg a szem\u00e9lyes helyzetedet, \u00e9s tan\u00e1csot ad a megfelel\u0151 elj\u00e1r\u00e1sr\u00f3l.<\/p>\n\n<h2 class=\"wp-block-heading\"><strong>Hogyan seg\u00edt a Charlie works?<\/strong><\/h2>\n\n<p>Sok munkav\u00e1llal\u00f3 sz\u00e1m\u00e1ra bonyolultnak t\u0171nhet a megfelel\u0151 dokumentumok ig\u00e9nyl\u00e9se. Ez\u00e9rt sz\u00edvesen levessz\u00fck ezt a terhet a v\u00e1lladr\u00f3l. Ha a Charlie works-\u00f6n kereszt\u00fcl j\u00f6ssz dolgozni:  <\/p>\n\n<ul class=\"wp-block-list\">\n<li>Ellen\u0151rizz\u00fck, hogy sz\u00fcks\u00e9ged van-e munkav\u00e1llal\u00e1si enged\u00e9lyre.<\/li>\n\n\n\n<li>Mi a munk\u00e1ltat\u00f3val \u00e9s a hat\u00f3s\u00e1gokkal (UWV, IND) egy\u00fctt int\u00e9zz\u00fck a sz\u00fcks\u00e9ges pap\u00edrokat.<\/li>\n\n\n\n<li>T\u00e1mogatunk t\u00e9ged a hollandiai bejelentkez\u00e9sedben \u00e9s olyan gyakorlati \u00fcgyekben, mint az eg\u00e9szs\u00e9gbiztos\u00edt\u00e1s \u00e9s a sz\u00e1ll\u00e1s.<\/li>\n<\/ul>\n\n<p><\/p>\n\n<p>\u00cdgy biztos lehetsz benne, hogy j\u00f3l \u00e9s leg\u00e1lisan kezdhetsz Hollandi\u00e1ban, adminisztrat\u00edv gondok n\u00e9lk\u00fcl.<\/p>\n\n<h2 class=\"wp-block-heading\"><strong>\u00d6sszefoglal\u00e1s<\/strong><\/h2>\n\n<p>Az, hogy sz\u00fcks\u00e9ged van-e munkav\u00e1llal\u00e1si enged\u00e9lyre, a sz\u00e1rmaz\u00e1si orsz\u00e1godt\u00f3l f\u00fcgg. Az EU-s \u00e1llampolg\u00e1rok sz\u00e1m\u00e1ra a hollandiai munkav\u00e1llal\u00e1s egyszer\u0171, \u00e9s nincs sz\u00fcks\u00e9g k\u00fcl\u00f6n enged\u00e9lyekre. A nem EU-s \u00e1llampolg\u00e1rok sz\u00e1m\u00e1ra speci\u00e1lis enged\u00e9lyek l\u00e9teznek, mint p\u00e9ld\u00e1ul a TWV vagy a GVVA. Szerencs\u00e9re nem kell mindezt magadnak kider\u00edtened. A Charlie works-\u00f6n kereszt\u00fcl mi gondoskodunk arr\u00f3l, hogy minden rendben legyen, \u00e9s te a munk\u00e1dra \u00e9s a hollandiai j\u00f6v\u0151dre koncentr\u00e1lhass.    <\/p>\n\n<h2 class=\"wp-block-heading\"><strong>Dolgozz a Charlie works-\u00f6n kereszt\u00fcl<\/strong><\/h2>\n\n<p>Szeretn\u00e9l Hollandi\u00e1ban dolgozni, \u00e9s biztosra menni, hogy a pap\u00edrjaid rendben vannak? Vedd fel a kapcsolatot a Charlie works-szel <strong> <\/strong>vagy n\u00e9zd meg a <a href=\"https:\/\/charlieworks.eu\/hu\/vacatures\/\">\u00e1ll\u00e1saj\u00e1nlatainkat<\/a>. Minden l\u00e9p\u00e9sben elk\u00eds\u00e9r\u00fcnk t\u00e9ged, az enged\u00e9lyekt\u0151l a sz\u00e1ll\u00e1sig \u00e9s a munk\u00e1ig.<\/p>\n\n<p><\/p>\n","protected":false},"excerpt":{"rendered":"<p>Ha Hollandi\u00e1ba j\u00f6ssz dolgozni, term\u00e9szetesen tudni szeretn\u00e9d, hogy sz\u00fcks\u00e9ged van-e munkav\u00e1llal\u00e1si enged\u00e9lyre. Ez att\u00f3l f\u00fcgg, honnan \u00e9rkezel. Az EU-s \u00e1llampolg\u00e1rokra m\u00e1s szab\u00e1lyok vonatkoznak, mint a nem EU-s munkav\u00e1llal\u00f3kra. Ebben a blogbejegyz\u00e9sben elmagyar\u00e1zzuk, mi a helyzet, mik a k\u00fcl\u00f6nbs\u00e9gek, \u00e9s hogyan t\u00e1mogat a Charlie works a megfelel\u0151 pap\u00edrok int\u00e9z\u00e9s\u00e9ben. Munkav\u00e1llal\u00e1s Hollandi\u00e1ban EU-s \u00e1llampolg\u00e1rk\u00e9nt Az Eur\u00f3pai Uni\u00f3 [&hellip;]<\/p>\n","protected":false},"author":2,"featured_media":15041,"comment_status":"open","ping_status":"open","sticky":false,"template":"","format":"standard","meta":{"_acf_changed":false,"footnotes":""},"categories":[1442],"tags":[],"class_list":["post-15040","post","type-post","status-publish","format-standard","has-post-thumbnail","hentry","category-blog-hu"],"acf":[],"_links":{"self":[{"href":"https:\/\/charlieworks.eu\/hu\/wp-json\/wp\/v2\/posts\/15040","targetHints":{"allow":["GET"]}}],"collection":[{"href":"https:\/\/charlieworks.eu\/hu\/wp-json\/wp\/v2\/posts"}],"about":[{"href":"https:\/\/charlieworks.eu\/hu\/wp-json\/wp\/v2\/types\/post"}],"author":[{"embeddable":true,"href":"https:\/\/charlieworks.eu\/hu\/wp-json\/wp\/v2\/users\/2"}],"replies":[{"embeddable":true,"href":"https:\/\/charlieworks.eu\/hu\/wp-json\/wp\/v2\/comments?post=15040"}],"version-history":[{"count":2,"href":"https:\/\/charlieworks.eu\/hu\/wp-json\/wp\/v2\/posts\/15040\/revisions"}],"predecessor-version":[{"id":15273,"href":"https:\/\/charlieworks.eu\/hu\/wp-json\/wp\/v2\/posts\/15040\/revisions\/15273"}],"wp:featuredmedia":[{"embeddable":true,"href":"https:\/\/charlieworks.eu\/hu\/wp-json\/wp\/v2\/media\/15041"}],"wp:attachment":[{"href":"https:\/\/charlieworks.eu\/hu\/wp-json\/wp\/v2\/media?parent=15040"}],"wp:term":[{"taxonomy":"category","embeddable":true,"href":"https:\/\/charlieworks.eu\/hu\/wp-json\/wp\/v2\/categories?post=15040"},{"taxonomy":"post_tag","embeddable":true,"href":"https:\/\/charlieworks.eu\/hu\/wp-json\/wp\/v2\/tags?post=15040"}],"curies":[{"name":"wp","href":"https:\/\/api.w.org\/{rel}","templated":true}]}}