{"id":16880,"date":"2026-01-20T12:47:07","date_gmt":"2026-01-20T10:47:07","guid":{"rendered":"https:\/\/charlieworks.eu\/de-nederlandse-werkcultuur-10-werkgewoontes\/"},"modified":"2026-01-20T12:48:05","modified_gmt":"2026-01-20T10:48:05","slug":"de-nederlandse-werkcultuur-10-werkgewoontes","status":"publish","type":"post","link":"https:\/\/charlieworks.eu\/hu\/de-nederlandse-werkcultuur-10-werkgewoontes\/","title":{"rendered":"A holland munkakult\u00fara: 10 munkahelyi szok\u00e1s, amit ismerned kell"},"content":{"rendered":"\n<p>Hollandi\u00e1ban fogsz dolgozni? Akkor hamar \u00e9szre fogod venni, hogy a holland munkakult\u00fara elt\u00e9rhet a saj\u00e1t orsz\u00e1god\u00e9t\u00f3l. A holland koll\u00e9g\u00e1k gyakran k\u00f6zvetlen\u00fcl kommunik\u00e1lnak, nagyra \u00e9rt\u00e9kelik a meg\u00e1llapod\u00e1sokat \u00e9s sz\u00edvesen dolgoznak hat\u00e9konyan. Ebben a blogbejegyz\u00e9sben elmagyar\u00e1zzuk, melyik t\u00edz munkahelyi szok\u00e1s jellemz\u0151 a holland munkakult\u00far\u00e1ra, hogy j\u00f3l felk\u00e9sz\u00fclten kezdhesd \u00faj \u00e1ll\u00e1sodat.   <\/p>\n\n<h2 class=\"wp-block-heading\">1. K\u00f6zvetlen kommunik\u00e1ci\u00f3 <\/h2>\n\n<p>A k\u00f6zvetlens\u00e9g fontos r\u00e9sze a holland munkakult\u00far\u00e1nak. Az emberek gyakran \u0151szint\u00e9n elmondj\u00e1k, amit gondolnak. Ez nem szem\u00e9lyesked\u00e9s, hanem praktikus \u00e9s egy\u00e9rtelm\u0171. Ez\u00e9rt \u00e9rt\u00e9kelik a k\u00e9rdez\u00e9st vagy a v\u00e9lem\u00e9nyed kifejez\u00e9s\u00e9t.   <\/p>\n\n<h2 class=\"wp-block-heading\">2. Pontoss\u00e1g<\/h2>\n\n<p>A holland munkakult\u00far\u00e1ban az id\u0151ben \u00e9rkez\u00e9s mag\u00e1t\u00f3l \u00e9rtet\u0151d\u0151nek sz\u00e1m\u00edt. A k\u00e9s\u00e9s gyakran szakszer\u0171tlennek min\u0151s\u00fcl, legyen sz\u00f3 munk\u00e1r\u00f3l, sz\u00fcnetekr\u0151l vagy megbesz\u00e9l\u00e9sekr\u0151l. Ha v\u00e1ratlanul nem tudsz id\u0151ben lenni, jelezd ezt a lehet\u0151 leghamarabb.  <\/p>\n\n<h2 class=\"wp-block-heading\">3. A munka \u00e9s a mag\u00e1n\u00e9let elk\u00fcl\u00f6n\u00fcl<\/h2>\n\n<p>Az eg\u00e9szs\u00e9ges munka-mag\u00e1n\u00e9let egyens\u00faly fontos a holland munkakult\u00far\u00e1ban. A t\u00fal\u00f3r\u00e1z\u00e1s nem mindig norma, \u00e9s munkaid\u0151 ut\u00e1n az emberek gyakran t\u00e9nyleg szabadok. A h\u00e9tv\u00e9g\u00e9ket is \u00e1ltal\u00e1ban mag\u00e1nid\u0151nek tekintik.  <\/p>\n\n<h2 class=\"wp-block-heading\">4. Mindenki egyenl\u0151 a munkahelyen<\/h2>\n\n<p>A holland munkakult\u00far\u00e1ban gyakran kev\u00e9s a hierarchia. Egyszer\u0171en megsz\u00f3l\u00edthatod a vezet\u0151det, \u00e9s az \u00f6tletek megoszt\u00e1s\u00e1t is \u00f6szt\u00f6nzik. Az egym\u00e1s ir\u00e1nti tisztelet k\u00f6zponti szerepet j\u00e1tszik, poz\u00edci\u00f3t\u00f3l vagy beoszt\u00e1st\u00f3l f\u00fcggetlen\u00fcl.  <\/p>\n\n<h2 class=\"wp-block-heading\">5. A megbesz\u00e9ltek betart\u00e1sa<\/h2>\n\n<p>A holland munkakult\u00far\u00e1ban \u00e9rv\u00e9nyes: a meg\u00e1llapod\u00e1s az meg\u00e1llapod\u00e1s. Amit megbesz\u00e9ltek, azt el is v\u00e1rj\u00e1k. Ha valamit nem tudsz teljes\u00edteni, vagy valami megv\u00e1ltozik? Jelezd ezt a lehet\u0151 leghamarabb a f\u00e9lre\u00e9rt\u00e9sek elker\u00fcl\u00e9se \u00e9rdek\u00e9ben.   <\/p>\n\n<h2 class=\"wp-block-heading\">6. Az \u00f6n\u00e1ll\u00f3s\u00e1got \u00e9rt\u00e9kelik<\/h2>\n\n<p>Az \u00f6n\u00e1ll\u00f3s\u00e1g nagy szerepet j\u00e1tszik a holland munkakult\u00far\u00e1ban. A munkav\u00e1llal\u00f3kt\u00f3l elv\u00e1rj\u00e1k, hogy kezdem\u00e9nyezzenek, felel\u0151ss\u00e9get v\u00e1llaljanak \u00e9s maguk is gondolkodjanak megold\u00e1sokon. Seg\u00edts\u00e9get k\u00e9rni mindig szabad, am\u00edg megmutatod, hogy akt\u00edvan gondolkodsz.  <\/p>\n\n<h2 class=\"wp-block-heading\">7. Visszajelz\u00e9s ad\u00e1sa \u00e9s fogad\u00e1sa<\/h2>\n\n<p>A visszajelz\u00e9s ad\u00e1sa \u00e9s fogad\u00e1sa teljesen norm\u00e1lis a holland munkakult\u00far\u00e1ban. Ez lehet pozit\u00edv \u00e9s kritikus is, \u00e9s mindig a fejl\u0151d\u00e9st szolg\u00e1lja. Nem szem\u00e9lyesked\u00e9s, hanem a fejl\u0151d\u00e9sre ir\u00e1nyul.  <\/p>\n\n<h2 class=\"wp-block-heading\">8. A biztons\u00e1g \u00e9s a szab\u00e1lyok fontosak<\/h2>\n\n<p>A holland c\u00e9gek egy\u00e9rtelm\u0171 szab\u00e1lyok szerint dolgoznak, k\u00fcl\u00f6n\u00f6sen a biztons\u00e1g ter\u00e9n. Az utas\u00edt\u00e1sok betart\u00e1sa, a v\u00e9d\u0151ruh\u00e1zat visel\u00e9se \u00e9s a vesz\u00e9lyes helyzetek jelent\u00e9se a holland munkakult\u00fara \u00e1lland\u00f3 r\u00e9szei. <\/p>\n\n<h2 class=\"wp-block-heading\">9. Tervez\u00e9s \u00e9s strukt\u00fara<\/h2>\n\n<p>A tervez\u00e9s \u00e9s a strukt\u00fara fontos a holland munkakult\u00far\u00e1ban. A munkarend gyakran fix, a sz\u00fcneteknek meghat\u00e1rozott idej\u00fck van, \u00e9s a v\u00e1ltoz\u00e1sokat \u00e1ltal\u00e1ban el\u0151re megbesz\u00e9lik. \u00cdgy mindenki tudja, mire sz\u00e1m\u00edthat.  <\/p>\n\n<h2 class=\"wp-block-heading\">10. A j\u00f3 kommunik\u00e1ci\u00f3 elengedhetetlen<\/h2>\n\n<p>Az egy\u00e9rtelm\u0171 kommunik\u00e1ci\u00f3 megel\u0151zi a probl\u00e9m\u00e1kat, \u00e9s fontos r\u00e9sze a holland munkakult\u00far\u00e1nak. Ha id\u0151ben jelzed a betegs\u00e9gedet, tov\u00e1bb\u00edtod a v\u00e1ltoz\u00e1sokat, \u00e9s k\u00e9rd\u00e9seket teszel fel, ha valami nem vil\u00e1gos, a munkafolyamat z\u00f6kken\u0151mentesen halad. <\/p>\n\n<h2 class=\"wp-block-heading\">Hogyan seg\u00edt neked a Charlie works a munkahelyen?<\/h2>\n\n<p>A Charlie works-n\u00e9l gondoskodunk arr\u00f3l, hogy j\u00f3l felk\u00e9sz\u00fclten kezdj, tudd, mit v\u00e1rnak el t\u0151led, \u00e9s t\u00e1mogat\u00e1st kapj k\u00e9rd\u00e9seidre. Megb\u00edzhat\u00f3 munkaad\u00f3kkal dolgozunk, \u00e9s seg\u00edt\u00fcnk, hogy gyorsan otthon \u00e9rezd magad a holland munkakult\u00far\u00e1ban. A k\u00fclf\u00f6ldi munkav\u00e1llal\u00f3k legfontosabb jogair\u00f3l sz\u00f3l\u00f3 <a href=\"https:\/\/charlieworks.eu\/hu\/belangrijkste-rechten-van-buitenlandse-werknemer\/\">blogunkban<\/a> t\u00f6bbet olvashatsz a jogaidr\u00f3l \u00e9s a t\u00e1mogat\u00e1sunkr\u00f3l. A <a href=\"https:\/\/www.rijksoverheid.nl\/onderwerpen\/buitenlandse-werknemers\" target=\"_blank\" rel=\"noopener\">Rijksoverheid<\/a> (Holland Korm\u00e1ny) honlapj\u00e1n is sok inform\u00e1ci\u00f3t tal\u00e1lsz a hollandiai munkav\u00e1llal\u00e1ssal kapcsolatban.    <\/p>\n\n<h2 class=\"wp-block-heading\">Szeretn\u00e9l Hollandi\u00e1ban dolgozni?<\/h2>\n\n<p>Munk\u00e1t keresel Hollandi\u00e1ban j\u00f3 t\u00e1mogat\u00e1ssal \u00e9s egy\u00e9rtelm\u0171 meg\u00e1llapod\u00e1sokkal? Akkor n\u00e9zd meg <a href=\"https:\/\/charlieworks.eu\/hu\/vacatures\/\">\u00e1ll\u00e1saj\u00e1nlatainkat<\/a>, \u00e9s fedezd fel, milyen lehet\u0151s\u00e9gek illenek hozz\u00e1d. <\/p>\n\n<p><\/p>\n","protected":false},"excerpt":{"rendered":"<p>Hollandi\u00e1ban fogsz dolgozni? Akkor hamar \u00e9szre fogod venni, hogy a holland munkakult\u00fara elt\u00e9rhet a saj\u00e1t orsz\u00e1god\u00e9t\u00f3l. A holland koll\u00e9g\u00e1k gyakran k\u00f6zvetlen\u00fcl kommunik\u00e1lnak, nagyra \u00e9rt\u00e9kelik a meg\u00e1llapod\u00e1sokat \u00e9s sz\u00edvesen dolgoznak hat\u00e9konyan. Ebben a blogbejegyz\u00e9sben elmagyar\u00e1zzuk, melyik t\u00edz munkahelyi szok\u00e1s jellemz\u0151 a holland munkakult\u00far\u00e1ra, hogy j\u00f3l felk\u00e9sz\u00fclten kezdhesd \u00faj \u00e1ll\u00e1sodat. 1. K\u00f6zvetlen kommunik\u00e1ci\u00f3 A k\u00f6zvetlens\u00e9g fontos r\u00e9sze [&hellip;]<\/p>\n","protected":false},"author":2,"featured_media":2446,"comment_status":"open","ping_status":"open","sticky":false,"template":"","format":"standard","meta":{"_acf_changed":false,"footnotes":""},"categories":[10],"tags":[],"class_list":["post-16880","post","type-post","status-publish","format-standard","has-post-thumbnail","hentry","category-uncategorized-hu"],"acf":[],"_links":{"self":[{"href":"https:\/\/charlieworks.eu\/hu\/wp-json\/wp\/v2\/posts\/16880","targetHints":{"allow":["GET"]}}],"collection":[{"href":"https:\/\/charlieworks.eu\/hu\/wp-json\/wp\/v2\/posts"}],"about":[{"href":"https:\/\/charlieworks.eu\/hu\/wp-json\/wp\/v2\/types\/post"}],"author":[{"embeddable":true,"href":"https:\/\/charlieworks.eu\/hu\/wp-json\/wp\/v2\/users\/2"}],"replies":[{"embeddable":true,"href":"https:\/\/charlieworks.eu\/hu\/wp-json\/wp\/v2\/comments?post=16880"}],"version-history":[{"count":1,"href":"https:\/\/charlieworks.eu\/hu\/wp-json\/wp\/v2\/posts\/16880\/revisions"}],"predecessor-version":[{"id":16882,"href":"https:\/\/charlieworks.eu\/hu\/wp-json\/wp\/v2\/posts\/16880\/revisions\/16882"}],"wp:featuredmedia":[{"embeddable":true,"href":"https:\/\/charlieworks.eu\/hu\/wp-json\/wp\/v2\/media\/2446"}],"wp:attachment":[{"href":"https:\/\/charlieworks.eu\/hu\/wp-json\/wp\/v2\/media?parent=16880"}],"wp:term":[{"taxonomy":"category","embeddable":true,"href":"https:\/\/charlieworks.eu\/hu\/wp-json\/wp\/v2\/categories?post=16880"},{"taxonomy":"post_tag","embeddable":true,"href":"https:\/\/charlieworks.eu\/hu\/wp-json\/wp\/v2\/tags?post=16880"}],"curies":[{"name":"wp","href":"https:\/\/api.w.org\/{rel}","templated":true}]}}