{"id":17497,"date":"2026-02-13T11:23:41","date_gmt":"2026-02-13T09:23:41","guid":{"rendered":"https:\/\/charlieworks.eu\/candidate-experience-zo-blijven-flexkrachten\/"},"modified":"2026-02-13T11:24:26","modified_gmt":"2026-02-13T09:24:26","slug":"candidate-experience-zo-blijven-flexkrachten","status":"publish","type":"post","link":"https:\/\/charlieworks.eu\/hu\/candidate-experience-zo-blijven-flexkrachten\/","title":{"rendered":"Jel\u00f6lt\u00e9lm\u00e9ny: \u00edgy \u00e9rheted el, hogy a k\u00f6lcs\u00f6nz\u00f6tt munkaer\u0151 tov\u00e1bb maradjon n\u00e1lad"},"content":{"rendered":"\n<p>A sz\u0171k\u00f6s munkaer\u0151piacon nemcsak a j\u00f3 k\u00f6lcs\u00f6nz\u00f6tt munkav\u00e1llal\u00f3k megtal\u00e1l\u00e1sa a c\u00e9l. Az igazi kih\u00edv\u00e1s a megtart\u00e1suk. Az er\u0151s jel\u00f6lt\u00e9lm\u00e9ny \u2013 a munkav\u00e1llal\u00f3 teljes tapasztalata az els\u0151 kapcsolatfelv\u00e9telt\u0151l kezdve eg\u00e9szen a munk\u00e1ba \u00e1ll\u00e1s ut\u00e1ni id\u0151szakig \u2013 nagyban meghat\u00e1rozza, hogy valaki elk\u00f6telezettnek \u00e9rzi-e mag\u00e1t a szervezeted ir\u00e1nt.  <\/p>\n\n<p>A Charlie worksn\u00e9l nap mint nap l\u00e1tjuk, mi jelenti a k\u00fcl\u00f6nbs\u00e9get. Ha az elv\u00e1r\u00e1sok re\u00e1lisak, a t\u00e1mogat\u00e1s j\u00f3l szervezett \u00e9s jut figyelem a szem\u00e9lyes t\u00f6r\u0151d\u00e9sre, a k\u00f6lcs\u00f6nz\u00f6tt munkav\u00e1llal\u00f3k tov\u00e1bb maradnak. Ebben a blogbejegyz\u00e9sben elmagyar\u00e1zzuk, hogyan er\u0151s\u00edtheted a jel\u00f6lt\u00e9lm\u00e9nyt, \u00e9s hogyan n\u00f6velheted ez\u00e1ltal a megtart\u00e1st, az elk\u00f6telezetts\u00e9get \u00e9s a stabilit\u00e1st.  <\/p>\n\n<h2 class=\"wp-block-heading\">Mit \u00e9rt\u00fcnk jel\u00f6lt\u00e9lm\u00e9ny alatt?<\/h2>\n\n<p>A jel\u00f6lt\u00e9lm\u00e9ny annak a szem\u00e9lynek a teljes tapasztalata, aki a szervezeteden kereszt\u00fcl jelentkezik vagy kezd el dolgozni. Az els\u0151 kapott inform\u00e1ci\u00f3kkal kezd\u0151dik, \u00e9s j\u00f3val az els\u0151 munkanap ut\u00e1n is tart. <\/p>\n\n<p>Ez mag\u00e1ban foglalja az el\u0151zetes egy\u00e9rtelm\u0171 kommunik\u00e1ci\u00f3t, a j\u00f3 felk\u00e9sz\u00edt\u00e9st, a struktur\u00e1lt onboardingot \u00e9s a munka k\u00f6zbeni t\u00e1mogat\u00f3 k\u00eds\u00e9r\u00e9st. Ha ezek a r\u00e9szletek rendben vannak, a k\u00f6lcs\u00f6nz\u00f6tt munkav\u00e1llal\u00f3k gyorsabban otthon \u00e9rzik magukat. Azok a munkat\u00e1rsak pedig, akik sz\u00edvesen l\u00e1tottnak \u00e9s komolyan vettnek \u00e9rzik magukat, bizony\u00edthat\u00f3an tov\u00e1bb maradnak.  <\/p>\n\n<h2 class=\"wp-block-heading\">Kezdd vil\u00e1gos elv\u00e1r\u00e1sokkal<\/h2>\n\n<p>Az er\u0151s jel\u00f6lt\u00e9lm\u00e9ny m\u00e1r az els\u0151 munkanap el\u0151tt elkezd\u0151dik. Az \u00e1tl\u00e1that\u00f3s\u00e1g alapvet\u0151 fontoss\u00e1g\u00fa. Mit takar pontosan a munka? Hogyan n\u00e9z ki a munkaid\u0151? Mik a b\u00e9rrel kapcsolatos meg\u00e1llapod\u00e1sok \u00e9s a p\u00f3tl\u00e9kok? \u00c9s mi a helyzet a sz\u00e1ll\u00e1ssal vagy a gyakorlati t\u00e1mogat\u00e1ssal?     <\/p>\n\n<p>Ha az elv\u00e1r\u00e1sok \u00e9s a val\u00f3s\u00e1g nem tal\u00e1lkoznak, csal\u00f3dotts\u00e1g alakul ki. Ez k\u00f6zvetlen hat\u00e1ssal van a motiv\u00e1ci\u00f3ra \u00e9s az elk\u00f6telezetts\u00e9gre. Ha kezdett\u0151l fogva \u0151szint\u00e9n \u00e9s vil\u00e1gosan kommunik\u00e1lsz, megteremted a bizalom alapj\u00e1t.  <\/p>\n\n<p>A Charlie worksn\u00e9l nagy figyelmet ford\u00edtunk erre a felk\u00e9sz\u00edt\u00e9sre. A jel\u00f6ltek el\u0151re tudj\u00e1k, mire sz\u00e1m\u00edthatnak, amikor Hollandi\u00e1ba \u00e9rkeznek dolgozni. Ez az egy\u00e9rtelm\u0171s\u00e9g nyugalmat \u00e9s jobb kezd\u00e9st biztos\u00edt.  <\/p>\n\n<h2 class=\"wp-block-heading\">A j\u00f3 onboarding ereje<\/h2>\n\n<p>Az els\u0151 hetek meghat\u00e1roz\u00f3ak. Ebben az id\u0151szakban a munkav\u00e1llal\u00f3 gyakran tudat alatt d\u00f6nti el, hogy maradni akar-e. Egy bar\u00e1ts\u00e1gos \u00e9s struktur\u00e1lt <a href=\"https:\/\/www.uwv.nl\/nl\/arbeidsmarktinformatie\/inzichten-werving-behoud\/onboarding-goede-start-personeelsbehoud\" target=\"_blank\" rel=\"noopener\">onboarding<\/a> jelenti itt a k\u00fcl\u00f6nbs\u00e9get.  <\/p>\n\n<p>A szem\u00e9lyes fogadtat\u00e1s, a feladatok \u00e9s a biztons\u00e1gi szab\u00e1lyok vil\u00e1gos elmagyar\u00e1z\u00e1sa, valamint egy \u00e1lland\u00f3 kapcsolattart\u00f3 szem\u00e9ly bizalmat \u00e9breszt. A k\u00f6lcs\u00f6nz\u00f6tt munkav\u00e1llal\u00f3knak tudniuk kell, kihez fordulhatnak a k\u00e9rd\u00e9seikkel. K\u00fcl\u00f6n\u00f6sen egy \u00faj k\u00f6rnyezetben, s\u0151t n\u00e9ha egy \u00faj orsz\u00e1gban, ez a k\u00eds\u00e9r\u00e9s elengedhetetlen.  <\/p>\n\n<p>Az onboarding r\u00e1ad\u00e1sul nem \u00e9r v\u00e9get az els\u0151 nap ut\u00e1n. Gyakran \u00e9ppen az els\u0151 h\u00e9t ut\u00e1n mer\u00fclnek fel gyakorlati k\u00e9rd\u00e9sek vagy bizonytalans\u00e1gok. A rendszeres kapcsolattart\u00e1s \u00e9s az \u0151szinte \u00e9rdekl\u0151d\u00e9s a munkav\u00e1llal\u00f3 hogyl\u00e9te fel\u0151l jelent\u0151sen n\u00f6veli az elk\u00f6telezetts\u00e9get.  <\/p>\n\n<h2 class=\"wp-block-heading\">N\u00e9zz t\u00fal a puszta munk\u00e1n<\/h2>\n\n<p>Sok k\u00f6lcs\u00f6nz\u00f6tt munkav\u00e1llal\u00f3, k\u00fcl\u00f6n\u00f6sen a nemzetk\u00f6zi dolgoz\u00f3k sz\u00e1m\u00e1ra a munka mellett m\u00e1s is sz\u00e1m\u00edt. Gondoljunk a sz\u00e1ll\u00e1sra, az iratokra, az eg\u00e9szs\u00e9gbiztos\u00edt\u00e1sra vagy az adminisztrat\u00edv k\u00e9rd\u00e9sekre. Ha ezek a gyakorlati dolgok nincsenek j\u00f3l megszervezve, az k\u00f6zvetlen hat\u00e1ssal van a teljes\u00edtm\u00e9nyre \u00e9s a motiv\u00e1ci\u00f3ra.  <\/p>\n\n<p>Egy olyan szervezet, amely a munkav\u00e9gz\u00e9s helysz\u00edn\u00e9n t\u00falra is tekint, megmutatja, hogy komolyan veszi a munkat\u00e1rsait. Azzal, hogy t\u00e1mogat\u00e1st ny\u00fajtasz a hollandiai \u00e9lethez \u00e9s munk\u00e1hoz, vagy seg\u00edtesz a munkav\u00e1llal\u00e1si enged\u00e9lyekkel \u00e9s dokumentumokkal kapcsolatos k\u00e9rd\u00e9sekben, stabilit\u00e1st teremtesz. A stabilit\u00e1s pedig hosszabb t\u00e1v\u00fa alkalmazhat\u00f3s\u00e1got eredm\u00e9nyez.  <\/p>\n\n<h2 class=\"wp-block-heading\">Az elismer\u00e9s \u00e9s a perspekt\u00edva jelenti a k\u00fcl\u00f6nbs\u00e9get<\/h2>\n\n<p>A k\u00f6lcs\u00f6nz\u00f6tt munkav\u00e1llal\u00f3k nem akarj\u00e1k, hogy j\u00f6v\u0151k\u00e9p n\u00e9lk\u00fcli ideiglenes munkaer\u0151k\u00e9nt kezelj\u00e9k \u0151ket. Szeretn\u00e9k, ha koll\u00e9gak\u00e9nt tekinten\u00e9nek r\u00e1juk. Ez a visszajelz\u00e9sek meghallgat\u00e1s\u00e1val, az \u0151szinte kommunik\u00e1ci\u00f3val \u00e9s a tiszteletteljes besz\u00e9lget\u00e9sekkel kezd\u0151dik.  <\/p>\n\n<p>Emellett a perspekt\u00edva is nagy szerepet j\u00e1tszik. A rugalmas foglalkoztat\u00e1s keretein bel\u00fcl is fontos megbesz\u00e9lni a fejl\u0151d\u00e9si lehet\u0151s\u00e9geket. Gondolj a tan\u00fas\u00edtv\u00e1nyok megszerz\u00e9s\u00e9re, az extra felel\u0151ss\u00e9gi k\u00f6r\u00f6kre vagy a m\u00e1s munkak\u00f6r\u00f6kbe val\u00f3 el\u0151rel\u00e9p\u00e9sre. A fejl\u0151d\u00e9sbe val\u00f3 befektet\u00e9s lojalit\u00e1s form\u00e1j\u00e1ban t\u00e9r\u00fcl meg.   <\/p>\n\n<p>Amikor a munkav\u00e1llal\u00f3k l\u00e1tj\u00e1k, hogy van lehet\u0151s\u00e9g\u00fck tanulni \u00e9s fejl\u0151dni, az elk\u00f6telezetts\u00e9g\u00fck automatikusan n\u0151.<\/p>\n\n<h2 class=\"wp-block-heading\">A megtart\u00e1sra \u00e9s a teljes\u00edtm\u00e9nyre gyakorolt hat\u00e1s<\/h2>\n\n<p>Az er\u0151s jel\u00f6lt\u00e9lm\u00e9ny kisebb fluktu\u00e1ci\u00f3hoz, nagyobb elk\u00f6telezetts\u00e9ghez \u00e9s jobb teljes\u00edtm\u00e9nyhez vezet. A csapatok stabilabb\u00e1 v\u00e1lnak, cs\u00f6kken a munkanyom\u00e1s \u00e9s m\u00e9rs\u00e9kl\u0151dnek a toborz\u00e1si k\u00f6lts\u00e9gek. R\u00e1ad\u00e1sul nagyobb folytonoss\u00e1g j\u00f6n l\u00e9tre a folyamatokban \u00e9s a min\u0151s\u00e9gben.  <\/p>\n\n<p>Egy olyan piacon, ahol kev\u00e9s a munkaer\u0151, a megtart\u00e1s legal\u00e1bb olyan fontos, mint a toborz\u00e1s. Azok a szervezetek, amelyek befektetnek a k\u00f6lcs\u00f6nz\u00f6tt munkav\u00e1llal\u00f3ik teljes \u00e9lm\u00e9ny\u00e9be, fenntarthat\u00f3 kapcsolatokat \u00e9p\u00edtenek az ideiglenes megold\u00e1sok helyett. <\/p>\n\n<h2 class=\"wp-block-heading\">Hogyan j\u00e1rul hozz\u00e1 a Charlie works az er\u0151s jel\u00f6lt\u00e9lm\u00e9nyhez?<\/h2>\n\n<p>A Charlie worksn\u00e9l hissz\u00fck, hogy a k\u00f6lcs\u00f6nz\u00f6tt munkav\u00e1llal\u00f3 nem csak egy sz\u00e1m, hanem egy amb\u00edci\u00f3kkal, tehets\u00e9ggel \u00e9s egy\u00e9ni k\u00f6r\u00fclm\u00e9nyekkel rendelkez\u0151 szakember. Ez\u00e9rt az els\u0151 kapcsolatfelv\u00e9telt\u0151l kezdve az \u00e1tl\u00e1that\u00f3 kommunik\u00e1ci\u00f3ra, a struktur\u00e1lt onboardingra \u00e9s a munka sor\u00e1n ny\u00fajtott folyamatos t\u00e1mogat\u00e1sra \u00f6sszpontos\u00edtunk. <\/p>\n\n<p>Seg\u00edt\u00fcnk az olyan gyakorlati \u00fcgyekben, mint a sz\u00e1ll\u00e1s, a dokumentumok \u00e9s az eg\u00e9szs\u00e9g\u00fcgy, \u00e9s akt\u00edvan tartjuk a kapcsolatot, hogy minden rendben menjen. Megk\u00f6zel\u00edt\u00e9s\u00fcnk a hossz\u00fa t\u00e1v\u00fa egy\u00fcttm\u0171k\u00f6d\u00e9sre \u00e9s a stabil csapatokra ir\u00e1nyul. <\/p>\n\n<p>Szeretn\u00e9d tudni, hogyan dolgozhatunk egy\u00fctt az er\u0151sebb jel\u00f6lt\u00e9lm\u00e9ny\u00e9rt \u00e9s a magasabb megtart\u00e1si ar\u00e1ny\u00e9rt a szervezetedn\u00e9l? Akkor n\u00e9zd meg a <a href=\"https:\/\/charlieworks.eu\/hu\/opdrachtgevers\/\">m\u00f3dszer\u00fcnket<\/a>! <\/p>\n\n<p><\/p>\n","protected":false},"excerpt":{"rendered":"<p>A sz\u0171k\u00f6s munkaer\u0151piacon nemcsak a j\u00f3 k\u00f6lcs\u00f6nz\u00f6tt munkav\u00e1llal\u00f3k megtal\u00e1l\u00e1sa a c\u00e9l. Az igazi kih\u00edv\u00e1s a megtart\u00e1suk. Az er\u0151s jel\u00f6lt\u00e9lm\u00e9ny \u2013 a munkav\u00e1llal\u00f3 teljes tapasztalata az els\u0151 kapcsolatfelv\u00e9telt\u0151l kezdve eg\u00e9szen a munk\u00e1ba \u00e1ll\u00e1s ut\u00e1ni id\u0151szakig \u2013 nagyban meghat\u00e1rozza, hogy valaki elk\u00f6telezettnek \u00e9rzi-e mag\u00e1t a szervezeted ir\u00e1nt. A Charlie worksn\u00e9l nap mint nap l\u00e1tjuk, mi jelenti a [&hellip;]<\/p>\n","protected":false},"author":2,"featured_media":17498,"comment_status":"open","ping_status":"open","sticky":false,"template":"","format":"standard","meta":{"_acf_changed":false,"footnotes":""},"categories":[10],"tags":[],"class_list":["post-17497","post","type-post","status-publish","format-standard","has-post-thumbnail","hentry","category-uncategorized-hu"],"acf":[],"_links":{"self":[{"href":"https:\/\/charlieworks.eu\/hu\/wp-json\/wp\/v2\/posts\/17497","targetHints":{"allow":["GET"]}}],"collection":[{"href":"https:\/\/charlieworks.eu\/hu\/wp-json\/wp\/v2\/posts"}],"about":[{"href":"https:\/\/charlieworks.eu\/hu\/wp-json\/wp\/v2\/types\/post"}],"author":[{"embeddable":true,"href":"https:\/\/charlieworks.eu\/hu\/wp-json\/wp\/v2\/users\/2"}],"replies":[{"embeddable":true,"href":"https:\/\/charlieworks.eu\/hu\/wp-json\/wp\/v2\/comments?post=17497"}],"version-history":[{"count":1,"href":"https:\/\/charlieworks.eu\/hu\/wp-json\/wp\/v2\/posts\/17497\/revisions"}],"predecessor-version":[{"id":17499,"href":"https:\/\/charlieworks.eu\/hu\/wp-json\/wp\/v2\/posts\/17497\/revisions\/17499"}],"wp:featuredmedia":[{"embeddable":true,"href":"https:\/\/charlieworks.eu\/hu\/wp-json\/wp\/v2\/media\/17498"}],"wp:attachment":[{"href":"https:\/\/charlieworks.eu\/hu\/wp-json\/wp\/v2\/media?parent=17497"}],"wp:term":[{"taxonomy":"category","embeddable":true,"href":"https:\/\/charlieworks.eu\/hu\/wp-json\/wp\/v2\/categories?post=17497"},{"taxonomy":"post_tag","embeddable":true,"href":"https:\/\/charlieworks.eu\/hu\/wp-json\/wp\/v2\/tags?post=17497"}],"curies":[{"name":"wp","href":"https:\/\/api.w.org\/{rel}","templated":true}]}}