{"id":19729,"date":"2026-04-20T09:01:05","date_gmt":"2026-04-20T07:01:05","guid":{"rendered":"https:\/\/charlieworks.eu\/hoeveel-mensen-werken-in-nederland-feiten-en-cijfers-over-de-arbeidsmarkt\/"},"modified":"2026-04-22T10:17:46","modified_gmt":"2026-04-22T08:17:46","slug":"hoeveel-mensen-werken-in-nederland-feiten-en-cijfers-over-de-arbeidsmarkt","status":"publish","type":"post","link":"https:\/\/charlieworks.eu\/hu\/hoeveel-mensen-werken-in-nederland-feiten-en-cijfers-over-de-arbeidsmarkt\/","title":{"rendered":"H\u00e1nyan dolgoznak Hollandi\u00e1ban? T\u00e9nyek \u00e9s adatok a munkaer\u0151piacr\u00f3l"},"content":{"rendered":"<p>A holland munkaer\u0151piac folyamatos mozg\u00e1sban van. Aki azon t\u0171n\u0151dik, <strong>h\u00e1nyan dolgoznak Hollandi\u00e1ban<\/strong>, olyan adatokkal tal\u00e1lkozik, amelyek az elm\u00falt \u00e9vekben jelent\u0151sen n\u0151ttek. A munkaad\u00f3k szem\u00e9lyzetet keresnek, az \u00e1gazatok munkaer\u0151hi\u00e1nnyal k\u00fczdenek, \u00e9s a vend\u00e9gmunk\u00e1sok egyre nagyobb szerepet j\u00e1tszanak a logisztika, a termel\u00e9s \u00e9s a sz\u00e1ll\u00edt\u00e1s napi szint\u0171 m\u0171k\u00f6dtet\u00e9s\u00e9ben. Ebben a cikkben \u00f6sszefoglaljuk a legfontosabb t\u00e9nyeket, \u00e9s megvizsg\u00e1ljuk a munkaer\u0151piacot alak\u00edt\u00f3 trendeket.   <\/p>\n<h2>H\u00e1nyan dolgoznak Hollandi\u00e1ban?<\/h2>\n<p>A CBS (Holland Statisztikai Hivatal) adatai szerint Hollandi\u00e1ban a dolgoz\u00f3 n\u00e9pess\u00e9g sz\u00e1ma meghaladja a 9,9 milli\u00f3 f\u0151t. Ez t\u00f6rt\u00e9nelmi szempontb\u00f3l magas sz\u00e1m. A munkaer\u0151piaci r\u00e9szv\u00e9tel 73 sz\u00e1zal\u00e9k k\u00f6r\u00fcl mozog, ami azt jelenti, hogy a 15 \u00e9s 75 \u00e9v k\u00f6z\u00f6tti emberek majdnem h\u00e1romnegyede rendelkezik fizetett munk\u00e1val. Ezek a sz\u00e1mok azonban nem mondj\u00e1k el a teljes t\u00f6rt\u00e9netet. A nagy sz\u00e1mok m\u00f6g\u00f6tt egy olyan piac \u00e1ll, amely sok helyen a hat\u00e1raihoz \u00e9rkezett.    <\/p>\n<p>A munkan\u00e9lk\u00fclis\u00e9g m\u00e1r j\u00f3 ideje alacsony. Ezzel p\u00e1rhuzamosan t\u00f6bb sz\u00e1zezer bet\u00f6ltetlen \u00e1ll\u00e1shely van. A logisztikai k\u00f6zpontok, gy\u00e1rt\u00f3csarnokok \u00e9s eloszt\u00f3k\u00f6zpontok munkaad\u00f3i naponta \u00e9rz\u00e9kelik ezt a hi\u00e1nyt. Plusz seg\u00edt\u0151 kezek n\u00e9lk\u00fcl a termel\u00e9s le\u00e1ll, a csomagok ott maradnak, a sz\u00e1ll\u00edt\u00e1sok pedig k\u00e9snek.   <\/p>\n<h2>Melyek a legnagyobb \u00e1gazatok?<\/h2>\n<p>A hollandiai foglalkoztat\u00e1s k\u00fcl\u00f6nb\u00f6z\u0151 szektorok k\u00f6z\u00f6tt oszlik meg. N\u00e9h\u00e1ny kiemelkedik a munkav\u00e1llal\u00f3k sz\u00e1m\u00e1t tekintve: <\/p>\n<ul>\n<li>Eg\u00e9szs\u00e9g\u00fcgy \u00e9s j\u00f3l\u00e9t<\/li>\n<li>Kereskedelem<\/li>\n<li>\u00dczleti szolg\u00e1ltat\u00e1sok<\/li>\n<li>Ipar \u00e9s termel\u00e9s<\/li>\n<li>Sz\u00e1ll\u00edt\u00e1s \u00e9s logisztika<\/li>\n<\/ul>\n<p>F\u0151leg az ut\u00f3bbi kett\u0151 jelent bel\u00e9p\u00e9si pontot sok nemzetk\u00f6zi munkav\u00e1llal\u00f3 sz\u00e1m\u00e1ra a holland munkaer\u0151piacra. A Venloban, Tilburgban \u00e9s Rotterdam k\u00f6rny\u00e9k\u00e9n tal\u00e1lhat\u00f3 rakt\u00e1rak jelent\u0151s r\u00e9szben m\u00e1s eur\u00f3pai orsz\u00e1gokb\u00f3l \u00e9rkez\u0151 munkaer\u0151vel m\u0171k\u00f6dnek. Az \u00e9lelmiszeriparban \u00e9s a csomagol\u00f3v\u00e1llalatokn\u00e1l sincs ez m\u00e1sk\u00e9pp.  <\/p>\n<h2>A vend\u00e9gmunk\u00e1sok szerepe<\/h2>\n<p>A munkav\u00e1llal\u00e1si c\u00e9l\u00fa migr\u00e1ci\u00f3 a holland gazdas\u00e1g \u00e1lland\u00f3 r\u00e9sz\u00e9v\u00e9 v\u00e1lt. A becsl\u00e9sek elt\u00e9r\u0151ek, de t\u00f6bb sz\u00e1zezer vend\u00e9gmunk\u00e1s dolgozik Hollandi\u00e1ban, f\u0151k\u00e9nt Kelet- \u00e9s D\u00e9l-Eur\u00f3p\u00e1b\u00f3l. Gondolj a Lengyelorsz\u00e1gb\u00f3l, Rom\u00e1ni\u00e1b\u00f3l, Bulg\u00e1ri\u00e1b\u00f3l, Spanyolorsz\u00e1gb\u00f3l \u00e9s Portug\u00e1li\u00e1b\u00f3l \u00e9rkez\u0151kre. Olyan poz\u00edci\u00f3kat t\u00f6ltenek be, amelyekre Hollandi\u00e1n bel\u00fcl egyszer\u0171en nem tal\u00e1lni el\u00e9g embert.   <\/p>\n<p>E csoport n\u00e9lk\u00fcl a szupermarketek polcainak nagy r\u00e9sze \u00fcresen maradna, \u00e9s az eloszt\u00f3k\u00f6zpontok nem tudn\u00e1k tartani a hat\u00e1rid\u0151ket. A f\u00fcgg\u0151s\u00e9g nagy, ugyanakkor a megfelel\u0151 munkak\u00f6r\u00fclm\u00e9nyekr\u0151l \u00e9s lakhat\u00e1sr\u00f3l sz\u00f3l\u00f3 vita aktu\u00e1lisabb, mint valaha. Err\u0151l b\u0151vebben olvashatsz a <a href=\"\/arbeidsmigranten-in-nederland\">vend\u00e9gmunk\u00e1sok Hollandi\u00e1ban<\/a> c\u00edm\u0171 cikk\u00fcnkben.  <\/p>\n<h3>Mi\u00e9rt marad fenn a munkav\u00e1llal\u00e1si c\u00e9l\u00fa migr\u00e1ci\u00f3?<\/h3>\n<p>A t\u00e1rsadalom el\u00f6reged\u00e9se folytat\u00f3dik. A k\u00f6vetkez\u0151 \u00e9vekben t\u00f6bben mennek nyugd\u00edjba, mint ah\u00e1ny fiatal bel\u00e9p a munkaer\u0151piacra. Ez azt jelenti, hogy a vend\u00e9gmunk\u00e1sok ir\u00e1nti ig\u00e9ny nem cs\u00f6kken, hanem ink\u00e1bb n\u0151. Azok a munkaad\u00f3k, akik most fektetnek be a megfelel\u0151 k\u00eds\u00e9r\u00e9sbe \u00e9s lakhat\u00e1sba, hossz\u00fa t\u00e1von stabil szem\u00e9lyzeti ell\u00e1t\u00e1st \u00e9p\u00edtenek ki. Arr\u00f3l, hogy a nemzetk\u00f6zi munkat\u00e1rsak gyakran tov\u00e1bb maradnak a v\u00e1rtn\u00e1l, a <a href=\"\/internationale-medewerkers-loyaler\">mi\u00e9rt loj\u00e1lisabbak a nemzetk\u00f6zi munkav\u00e1llal\u00f3k a gondoltn\u00e1l<\/a> c\u00edm\u0171 r\u00e9szben olvashatsz.    <\/p>\n<h2>\u00c1lland\u00f3, rugalmas \u00e9s egy\u00e9ni v\u00e1llalkoz\u00f3: hogyan oszlik meg a munka?<\/h2>\n<p>A dolgoz\u00f3 n\u00e9pess\u00e9g legnagyobb r\u00e9sze \u00e1lland\u00f3 szerz\u0151d\u00e9ssel rendelkezik. Emellett van egy jelent\u0151s csoport rugalmas szerz\u0151d\u00e9ssel, \u00e9s egy n\u00f6vekv\u0151 csoportnyi \u00f6n\u00e1ll\u00f3 v\u00e1llalkoz\u00f3. A rugalmas munkaer\u0151 n\u00e9lk\u00fcl\u00f6zhetetlen azokban az \u00e1gazatokban, ahol az ig\u00e9ny szezon\u00e1lisan ingadozik. Egy webshopnak novemberben t\u00f6bb emberre van sz\u00fcks\u00e9ge, mint febru\u00e1rban, egy csomagol\u00f3\u00fczem pedig az \u00fcnnepek k\u00f6rny\u00e9k\u00e9n t\u00fal\u00f3r\u00e1zik. A rugalmas bevethet\u0151s\u00e9g biztos\u00edtja, hogy ezeket a cs\u00facsid\u0151szakokat kezelni tudj\u00e1k an\u00e9lk\u00fcl, hogy a munkaad\u00f3k struktur\u00e1lis t\u00falkapacit\u00e1shoz lenn\u00e9nek k\u00f6tve.    <\/p>\n<h2>Mit jelent ez a munkaad\u00f3k sz\u00e1m\u00e1ra?<\/h2>\n<p>A munkaer\u0151piaci hi\u00e1ny arra k\u00e9nyszer\u00edti a munkaad\u00f3kat, hogy a helyi k\u00edn\u00e1laton t\u00falra tekintsenek. Aki id\u0151ben l\u00e9p, \u00e9s olyan partnerrel m\u0171k\u00f6dik egy\u00fctt, aki j\u00f3 embereket \u00e9s j\u00f3 lakhat\u00e1st is biztos\u00edt, az er\u0151sebb poz\u00edci\u00f3ba ker\u00fcl. A Charlie works \u00f6sszek\u00f6ti az eur\u00f3pai vend\u00e9gmunk\u00e1sokat a logisztikai \u00e9s termel\u00e9si szektor munkaad\u00f3ival, \u00e9s emellett magas sz\u00ednvonal\u00fa lakhat\u00e1st is szervez. Ez ut\u00f3bbi nem r\u00e9szletk\u00e9rd\u00e9s: a j\u00f3 lak\u00f3k\u00f6r\u00fclm\u00e9nyek hat\u00e1rozz\u00e1k meg, hogy valaki p\u00e1r h\u00f3nap ut\u00e1n t\u00e1vozik, vagy marad.   <\/p>\n<h2>Mit jelent ez az \u00e1ll\u00e1skeres\u0151k sz\u00e1m\u00e1ra?<\/h2>\n<p>Azon m\u00e1s eur\u00f3pai orsz\u00e1gokb\u00f3l \u00e9rkez\u0151k sz\u00e1m\u00e1ra, akik fontolgatj\u00e1k a Hollandi\u00e1ba k\u00f6lt\u00f6z\u00e9st, a munkaer\u0151piac jelenleg kedvez\u0151. Van munka, a b\u00e9rek versenyk\u00e9pesek, \u00e9s a t\u00e1vols\u00e1g sok eur\u00f3pai orsz\u00e1gb\u00f3l kezelhet\u0151. A <a href=\"https:\/\/charlieworks.eu\/hu\/voordelen-werken-in-nederland\/\">hollandiai munkav\u00e1llal\u00e1s el\u0151nyei<\/a> r\u00e9szben r\u00e9szletesebben olvashatsz arr\u00f3l, mit k\u00edn\u00e1l az orsz\u00e1g, a szoci\u00e1lis rendszert\u0151l kezdve az infrastrukt\u00far\u00e1ig.  <\/p>\n<h2>Z\u00e1r\u00f3 gondolatok<\/h2>\n<p>Aki azon t\u0171n\u0151dik, <strong>h\u00e1nyan dolgoznak Hollandi\u00e1ban<\/strong>, k\u00f6zel 10 milli\u00f3s sz\u00e1mot kap. De e m\u00f6g\u00f6tt a sz\u00e1m m\u00f6g\u00f6tt egy olyan munkaer\u0151piac \u00e1ll, amely hollandok, vend\u00e9gmunk\u00e1sok \u00e9s rugalmas munkav\u00e1llal\u00f3k kever\u00e9k\u00e9re t\u00e1maszkodik. A hi\u00e1ny r\u00f6vid t\u00e1von nem sz\u0171nik meg, \u00e9s a munkav\u00e1llal\u00e1si c\u00e9l\u00fa migr\u00e1ci\u00f3 fontos motor marad. Azok a munkaad\u00f3k, akik ezt okosan kezelik, \u00e9s azok a munkav\u00e1llal\u00f3k, akik fontolgatj\u00e1k a Hollandi\u00e1ba val\u00f3 v\u00e1lt\u00e1st, a Charlie works szem\u00e9ly\u00e9ben olyan partnerre tal\u00e1lnak, aki a munk\u00e1t \u00e9s a lakhat\u00e1st j\u00f3l \u00f6sszehangolja.   <\/p>\n","protected":false},"excerpt":{"rendered":"<p>A holland munkaer\u0151piac folyamatos mozg\u00e1sban van. Aki azon t\u0171n\u0151dik, h\u00e1nyan dolgoznak Hollandi\u00e1ban, olyan adatokkal tal\u00e1lkozik, amelyek az elm\u00falt \u00e9vekben jelent\u0151sen n\u0151ttek. A munkaad\u00f3k szem\u00e9lyzetet keresnek, az \u00e1gazatok munkaer\u0151hi\u00e1nnyal k\u00fczdenek, \u00e9s a vend\u00e9gmunk\u00e1sok egyre nagyobb szerepet j\u00e1tszanak a logisztika, a termel\u00e9s \u00e9s a sz\u00e1ll\u00edt\u00e1s napi szint\u0171 m\u0171k\u00f6dtet\u00e9s\u00e9ben. Ebben a cikkben \u00f6sszefoglaljuk a legfontosabb t\u00e9nyeket, \u00e9s megvizsg\u00e1ljuk [&hellip;]<\/p>\n","protected":false},"author":2,"featured_media":0,"comment_status":"open","ping_status":"open","sticky":false,"template":"","format":"standard","meta":{"_acf_changed":false,"footnotes":""},"categories":[10],"tags":[],"class_list":["post-19729","post","type-post","status-publish","format-standard","hentry","category-uncategorized-hu"],"acf":[],"_links":{"self":[{"href":"https:\/\/charlieworks.eu\/hu\/wp-json\/wp\/v2\/posts\/19729","targetHints":{"allow":["GET"]}}],"collection":[{"href":"https:\/\/charlieworks.eu\/hu\/wp-json\/wp\/v2\/posts"}],"about":[{"href":"https:\/\/charlieworks.eu\/hu\/wp-json\/wp\/v2\/types\/post"}],"author":[{"embeddable":true,"href":"https:\/\/charlieworks.eu\/hu\/wp-json\/wp\/v2\/users\/2"}],"replies":[{"embeddable":true,"href":"https:\/\/charlieworks.eu\/hu\/wp-json\/wp\/v2\/comments?post=19729"}],"version-history":[{"count":1,"href":"https:\/\/charlieworks.eu\/hu\/wp-json\/wp\/v2\/posts\/19729\/revisions"}],"predecessor-version":[{"id":19805,"href":"https:\/\/charlieworks.eu\/hu\/wp-json\/wp\/v2\/posts\/19729\/revisions\/19805"}],"wp:attachment":[{"href":"https:\/\/charlieworks.eu\/hu\/wp-json\/wp\/v2\/media?parent=19729"}],"wp:term":[{"taxonomy":"category","embeddable":true,"href":"https:\/\/charlieworks.eu\/hu\/wp-json\/wp\/v2\/categories?post=19729"},{"taxonomy":"post_tag","embeddable":true,"href":"https:\/\/charlieworks.eu\/hu\/wp-json\/wp\/v2\/tags?post=19729"}],"curies":[{"name":"wp","href":"https:\/\/api.w.org\/{rel}","templated":true}]}}